{"id":15218,"date":"2026-09-05T06:47:13","date_gmt":"2026-09-05T06:47:13","guid":{"rendered":"https:\/\/gradualhate.info\/?p=15218"},"modified":"2026-09-05T06:47:14","modified_gmt":"2026-09-05T06:47:14","slug":"la-noche-de-los-candiles-edicion-2027","status":"publish","type":"post","link":"https:\/\/gradualhate.info\/?p=15218","title":{"rendered":"La Noche de los Candiles ( edici\u00f3n 2027 )"},"content":{"rendered":"\n<p class=\"wp-block-paragraph\"><strong>La Noche de los Candiles 2027<\/strong>\u00a0ser\u00e1 el d\u00eda 1 de Mayo, S\u00e1bado. Alm\u00f3cita (Almer\u00eda) Alpujarra Almeriense<\/p>\n\n\n\n<p class=\"wp-block-paragraph\">Evento gratuito<\/p>\n\n\n\n<p class=\"wp-block-paragraph\">Organiza:&nbsp;<strong>GH Records<\/strong><br>Organiza:&nbsp;<strong><a href=\"http:\/\/www.almocita.es\/\">Alm\u00f3cita Ayuntamiento<\/a>&nbsp;\/ Guadalinfo Alm\u00f3cita<\/strong><br>Patrocina la&nbsp;<strong>Consejer\u00eda de turismo y comercio, Gobierno de Andaluc\u00eda.<\/strong><\/p>\n\n\n\n<p class=\"wp-block-paragraph\">El fuego como catalizador en la Noche de Los candiles, la m\u00fasica como veh\u00edculo de invocaci\u00f3n. Ritualizaci\u00f3n con Fuego y M\u00fasica la comuni\u00f3n de los elementos, despu\u00e9s del apag\u00f3n simb\u00f3lico y el encendido de antorchas y candiles, nos sumergir\u00e1 en la verdadera esencia de La Noche de los Candiles.<\/p>\n\n\n\n<p class=\"wp-block-paragraph\">S\u00edguenos en Instagram \u2192&nbsp;<a href=\"https:\/\/www.instagram.com\/lanochedeloscandiles\/\">@lanochedeloscandiles<\/a><\/p>\n","protected":false},"excerpt":{"rendered":"<p>La Noche de los Candiles 2027\u00a0ser\u00e1 el d\u00eda 1 de Mayo, S\u00e1bado. Alm\u00f3cita (Almer\u00eda) Alpujarra Almeriense Evento gratuito Organiza:&nbsp;GH RecordsOrganiza:&nbsp;Alm\u00f3cita Ayuntamiento&nbsp;\/ Guadalinfo Alm\u00f3citaPatrocina la&nbsp;Consejer\u00eda de turismo y comercio, Gobierno de Andaluc\u00eda. El fuego como catalizador en la Noche de Los candiles, la m\u00fasica como veh\u00edculo de invocaci\u00f3n. Ritualizaci\u00f3n con Fuego y M\u00fasica la comuni\u00f3n de los elementos, despu\u00e9s del apag\u00f3n simb\u00f3lico y el encendido de antorchas y candiles, nos sumergir\u00e1 en la verdadera esencia de La Noche de los Candiles. S\u00edguenos en Instagram \u2192&nbsp;@lanochedeloscandiles<\/p>\n","protected":false},"author":1,"featured_media":15219,"comment_status":"closed","ping_status":"closed","sticky":false,"template":"","format":"standard","meta":{"footnotes":""},"categories":[912],"tags":[204],"class_list":["post-15218","post","type-post","status-publish","format-standard","has-post-thumbnail","hentry","category-la-noche-de-los-candiles","tag-la-noche-de-los-candiles"],"_links":{"self":[{"href":"https:\/\/gradualhate.info\/index.php?rest_route=\/wp\/v2\/posts\/15218","targetHints":{"allow":["GET"]}}],"collection":[{"href":"https:\/\/gradualhate.info\/index.php?rest_route=\/wp\/v2\/posts"}],"about":[{"href":"https:\/\/gradualhate.info\/index.php?rest_route=\/wp\/v2\/types\/post"}],"author":[{"embeddable":true,"href":"https:\/\/gradualhate.info\/index.php?rest_route=\/wp\/v2\/users\/1"}],"replies":[{"embeddable":true,"href":"https:\/\/gradualhate.info\/index.php?rest_route=%2Fwp%2Fv2%2Fcomments&post=15218"}],"version-history":[{"count":1,"href":"https:\/\/gradualhate.info\/index.php?rest_route=\/wp\/v2\/posts\/15218\/revisions"}],"predecessor-version":[{"id":15220,"href":"https:\/\/gradualhate.info\/index.php?rest_route=\/wp\/v2\/posts\/15218\/revisions\/15220"}],"wp:featuredmedia":[{"embeddable":true,"href":"https:\/\/gradualhate.info\/index.php?rest_route=\/wp\/v2\/media\/15219"}],"wp:attachment":[{"href":"https:\/\/gradualhate.info\/index.php?rest_route=%2Fwp%2Fv2%2Fmedia&parent=15218"}],"wp:term":[{"taxonomy":"category","embeddable":true,"href":"https:\/\/gradualhate.info\/index.php?rest_route=%2Fwp%2Fv2%2Fcategories&post=15218"},{"taxonomy":"post_tag","embeddable":true,"href":"https:\/\/gradualhate.info\/index.php?rest_route=%2Fwp%2Fv2%2Ftags&post=15218"}],"curies":[{"name":"wp","href":"https:\/\/api.w.org\/{rel}","templated":true}]}}