{"id":1882,"date":"2017-01-11T15:50:07","date_gmt":"2017-01-11T15:50:07","guid":{"rendered":"http:\/\/gradualhate.info\/?p=1882"},"modified":"2026-04-12T06:41:19","modified_gmt":"2026-04-12T06:41:19","slug":"la-noche-de-los-candiles-2017-sera-el-dia-6-de","status":"publish","type":"post","link":"https:\/\/gradualhate.info\/?p=1882","title":{"rendered":"La Noche de los Candiles 2017"},"content":{"rendered":"\n<figure class=\"wp-block-image size-large is-resized\"><img decoding=\"async\" src=\"https:\/\/gradualhate.info\/wp-content\/uploads\/2017\/01\/tumblr_ojmhbjdxDd1u8pupko2_r1_1280-727x1024.jpg\" alt=\"\" style=\"width:840px;height:auto\"\/><\/figure>\n\n\n\n<hr class=\"wp-block-separator has-alpha-channel-opacity is-style-dots\"\/>\n\n\n<p><strong>La Noche de los Candiles 2017<\/strong><\/p>\n<p>Alm\u00f3cita (Almer\u00eda) Alpujarra Almeriense, a 40 kilometros de Almer\u00eda Capital<\/p>\n<p>Bandas :<\/p>\n<p>E.A.R. Efr\u00e9n L\u00f3pez Electric Trio\u00a0\u00a0(Folk, avantgarde, world music)<br \/>Urze de Lume ( Folk )<br \/>Ne\u00f8nymus (Folk, avantgarde, world music)<br \/>The Wyrm (Dark Folk) Ritual en las Eras<br \/>Keltika Hispanna\u00a0(Dark Folk)<\/p>\n<p>Organiza: Alm\u00f3cita Ayuntamiento \/ Guadalinfo Alm\u00f3cita<br \/>Patrocina la Conserjer\u00eda de turismo y comercio, Gobierno de Andaluc\u00eda.<br \/>Organiza: <b>GH Records<\/b><\/p>\n<p>Desde hace ya algunos a\u00f1os, Alm\u00f3cita presenta inquietudes muy marcadas en relaci\u00f3n con el Desarrollo Sostenible y la importancia que implica un elevado grado de concienciaci\u00f3n que se traduzca en la voluntad de cambio necesaria para lograr una sociedad m\u00e1s respetuosa con el medio ambiente. Esas marcadas connotaciones ecol\u00f3gicas desembocaron en el a\u00f1o 2011 en la g\u00e9nesis de LA NOCHE DE LOS CANDILES. En su evoluci\u00f3n como evento sometido a mejora continua, se lleg\u00f3 a la conclusi\u00f3n de que no bastaba con efectuar un apag\u00f3n en la red de iluminaci\u00f3n el\u00e9ctrica y encender los candiles para lograr un alto nivel de concienciaci\u00f3n &#8211; participaci\u00f3n, hab\u00eda que ahondar un poco m\u00e1s y deb\u00eda hacerse desde la perspectiva de recuperar aquella parte de espiritualidad e identificaci\u00f3n con la naturaleza arrebatada a los seres humanos bajo el amparo del vertiginoso ritmo de cambio presente en las sociedades post industriales.<\/p>\n<p>Dicho con otras palabras, tenemos la firme creencia que de poco o nada vale decir que se quiere ser responsable con el medio que nos rodea sin sentirlo realmente. La m\u00fasica amplifica las emociones y es por medio de la m\u00fasica &#8211; ligada a una puesta en escena que se envuelve en un halo de magia y misterio- como pretendemos, en la medida de lo posible, rememorar nuestra verdadera idiosincrasia natural y espiritual. Confeccionar un genuino ant\u00eddoto que recupere nuestra emotividad despertando el lado m\u00e1s humano, parte menoscabada del propio ser consecuencia inevitable del turbulento y alienado tiempo que nos ha tocado vivir. De ah\u00ed la importancia otorgada en el evento a temas de expresi\u00f3n art\u00edstica como son el encuentro de fotograf\u00eda, las representaciones con fuego, la interpretaci\u00f3n o la m\u00fasica antigua y tradicional. Todo lo que acontezca durante esa noche debe establecer un paralelismo profundo con qui\u00e9nes somos de verdad y por qu\u00e9 estamos aqu\u00ed. Recuperar aunque s\u00f3lo sea por unas horas, un sentido rom\u00e1ntico y un recuerdo de que lejos de ser la m\u00e1xima expresi\u00f3n de la naturaleza, seguimos siendo una parte intr\u00ednseca de ella misma.<\/p>\n<hr \/>\n<p><b>E.A.R. Efr\u00e9n L\u00f3pez Electric Trio<\/b><\/p>\n<p>Efr\u00e9n L\u00f3pez: zanfona el\u00e9ctrica, efectos, loop station, sintetizadores y guitarra el\u00e9ctrica fretless<br \/>Adrian Perales: bater\u00eda<br \/>Ra\u00fcl Bonell: Warr guitar<\/p>\n<p>Versi\u00f3n el\u00e9ctrica del universo musical modal, con un repertorio compuesto de piezas balc\u00e1nicas y del Mediterr\u00e1neo adaptadas para zanfona y guitarra fretless el\u00e9ctricas, con el acompa\u00f1amiento del virtuoso bater\u00eda Adri\u00e1n Perales y el pionero de la Warr guitar en el estado, Ra\u00fcl Bonell.<\/p>\n<figure class=\"tmblr-full\" data-orig-width=\"960\" data-orig-height=\"816\"><img decoding=\"async\" class=\"aligncenter\" src=\"https:\/\/66.media.tumblr.com\/c3098ea09f0af9601f6c9d4b366c9904\/tumblr_inline_ojzllvpeeq1t914yo_540.jpg\" alt=\"image\" data-orig-width=\"960\" data-orig-height=\"816\" \/><\/figure>\n<figure class=\"tmblr-embed tmblr-full\" data-provider=\"youtube\" data-orig-width=\"540\" data-orig-height=\"304\" data-url=\"https%3A%2F%2Fwww.youtube.com%2Fwatch%3Fv%3DVtIyzMB4ELk%26feature%3Dyoutu.be\"><\/figure>\n<hr \/>\n<p><b>Urze de Lume<\/b><\/p>\n<p>Urze de Lume nos transportaran con su m\u00fasica a tiempos pret\u00e9ritos en la La Noche de Los Candiles 2017<\/p>\n<p>Urze de Lume es un homenaje al pasado. Fuertemente inspirado en la tradici\u00f3n ib\u00e9rica, buscando a trav\u00e9s de la m\u00fasica que celebra las ra\u00edces que unen a la gente a su tierra y se identifican. Su repertorio transmite el alma sobreviviente de una \u00e9poca en que el hombre y la naturaleza caminaron de la mano con el respeto a la tierra, lo oculto y su origen.<\/p>\n<figure class=\"tmblr-full\" data-orig-width=\"7195\" data-orig-height=\"4802\"><img decoding=\"async\" class=\"aligncenter\" src=\"https:\/\/66.media.tumblr.com\/ed9401d9885c30ca6eb5bff4b5c85d18\/tumblr_inline_ojmh1rjCet1t914yo_540.jpg\" alt=\"image\" data-orig-width=\"7195\" data-orig-height=\"4802\" \/><\/figure>\n<figure class=\"tmblr-full\" data-orig-width=\"612\" data-orig-height=\"900\"><img decoding=\"async\" class=\"aligncenter\" src=\"https:\/\/66.media.tumblr.com\/7461f68ebb09b013102d25bb949637a8\/tumblr_inline_ojmh241ROB1t914yo_540.jpg\" alt=\"image\" data-orig-width=\"612\" data-orig-height=\"900\" \/><\/figure>\n<figure class=\"tmblr-full\" data-orig-width=\"1204\" data-orig-height=\"900\"><img decoding=\"async\" class=\"aligncenter\" src=\"https:\/\/66.media.tumblr.com\/0820fd88535033329b53af82d6c79c65\/tumblr_inline_ojmh24SFCx1t914yo_540.jpg\" alt=\"image\" data-orig-width=\"1204\" data-orig-height=\"900\" \/><\/figure>\n<figure class=\"tmblr-full\" data-orig-width=\"1474\" data-orig-height=\"900\"><img decoding=\"async\" class=\"aligncenter\" src=\"https:\/\/66.media.tumblr.com\/a323b7197b6e50941c7f0b27f6138ca2\/tumblr_inline_ojmh26klfS1t914yo_540.jpg\" alt=\"image\" data-orig-width=\"1474\" data-orig-height=\"900\" \/><\/figure>\n<hr \/>\n<p><b>Ne\u00f8nymus\u00a0<\/b><\/p>\n<p>Ne\u00f8nymus crea en directo una muy personal mezcla de voces, sonidos y peque\u00f1os instrumentos (huesos, tubos, objetos prehist\u00f3ricos\u2026), utilizando armon\u00edas vocales de m\u00fasica antigua y contempor\u00e1nea junto con una atrevida combinaci\u00f3n de tecnolog\u00eda. Distintas l\u00edneas vocales creadas en directo, se tejen y entrelazan, a veces levantando acordes y otras peque\u00f1as frases en contrapunto.<br \/>Su espect\u00e1culo traslada al oyente a lugares imaginarios que recrean paisajes sonoros de la antig\u00fcedad (el concierto comienza evocando el Paleol\u00edtico), a veces con una enorme carga emocional y un notable sentido de trascendencia. Un viaje exploratorio por la intimidad cultural y espiritual del ser humano, especialmente en el \u00e1mbito geogr\u00e1fico europeo: neandertales, sapiens, edad del hierro, visigodos, edad media\u2026<\/p>\n<figure class=\"tmblr-full\" data-orig-width=\"1800\" data-orig-height=\"966\"><img decoding=\"async\" class=\"aligncenter\" src=\"https:\/\/66.media.tumblr.com\/35e449bc5bf9f0a676a67b6ccedded92\/tumblr_inline_ojmhfse77Q1t914yo_540.jpg\" alt=\"image\" data-orig-width=\"1800\" data-orig-height=\"966\" \/><\/figure>\n<figure class=\"tmblr-full\" data-orig-width=\"1800\" data-orig-height=\"1068\"><img decoding=\"async\" class=\"aligncenter\" src=\"https:\/\/66.media.tumblr.com\/f2a0eb99e6f1aed864711c0c85726021\/tumblr_inline_ojmhfylIhU1t914yo_540.jpg\" alt=\"image\" data-orig-width=\"1800\" data-orig-height=\"1068\" \/><\/figure>\n<figure class=\"tmblr-full\" data-orig-width=\"652\" data-orig-height=\"652\"><img decoding=\"async\" class=\"aligncenter\" src=\"https:\/\/66.media.tumblr.com\/2031aef09b3a550f332e0e56f00b8c16\/tumblr_inline_ojmhg5PmYg1t914yo_540.jpg\" alt=\"image\" data-orig-width=\"652\" data-orig-height=\"652\" \/><\/figure>\n<hr \/>\n<p><b>The Wyrm<\/b><\/p>\n<p>The Wyrm es un concepto art\u00edstico de m\u00faltiples facetas. Tantas como cabezas pueda tener una Hydra.<br \/>Dentro del desarrollo de la faceta musical, hay distintas vertientes.<br \/>Paganismo, Raza, Identidad, Antiguos Dioses, Europa, leyendas olvidadas\u2026 aunque parezcan distintas expresiones de ideas, detras de estos conceptos subyace una unica idea en las que se albergan estas diferentes caras de un mismo poliedro como es lo primordial, lo num\u00ednico.<br \/>Siendo lo num\u00ednico primordial aquello que es el centro mismo de nosotros mismos, hunde sus ra\u00edces tan dentro de nosotros que si las seguimos tierra abajo, nos encontraremos con un mundo tel\u00farico donde reina el drag\u00f3n que es The Wyrm.<\/p>\n<figure class=\"tmblr-full\" data-orig-width=\"1200\" data-orig-height=\"800\"><img decoding=\"async\" class=\"aligncenter\" src=\"https:\/\/66.media.tumblr.com\/ee03fef1dc20012bec18ce47ebfafbd3\/tumblr_inline_om36k5goGo1t914yo_540.jpg\" alt=\"image\" data-orig-width=\"1200\" data-orig-height=\"800\" \/><\/figure>\n<figure class=\"tmblr-embed tmblr-full\" data-provider=\"youtube\" data-orig-width=\"459\" data-orig-height=\"344\" data-url=\"https%3A%2F%2Fwww.youtube.com%2Fwatch%3Fv%3DmZZbb-k8dTs\"><\/figure>\n<hr \/>\n<p><b>Keltika Hispanna<\/b><\/p>\n<p>Keltika Hispanna<b>\u00a0<\/b>es una banda de Dark Folk nacida en las monta\u00f1as de la Sierra de Guadarrama (Madrid\/ESPA\u00d1A).\u00a0Dentro de sus composiciones se mezclan viejas armon\u00edas y ritmos recuperados de la m\u00fasica popular de las zonas rurales, con melod\u00edas y letras inspiradas en la naturaleza, la historia antigua y las creencias m\u00e1gico-religiosas de los pueblos ib\u00e9ricos. Centr\u00e1ndose en el uso de instrumentos tradicionales, cantando sus letras en el lenguaje castellano y algunas de sus canciones en el antiguo lenguaje r\u00fanico de sus ancestros Celt\u00edbero<\/p>\n<figure class=\"tmblr-full\" data-orig-width=\"960\" data-orig-height=\"639\"><img decoding=\"async\" class=\"aligncenter\" src=\"https:\/\/66.media.tumblr.com\/898bb9c96968e198a916a176daab7ce9\/tumblr_inline_oo2wj5I44c1t914yo_540.jpg\" alt=\"image\" data-orig-width=\"960\" data-orig-height=\"639\" \/><\/figure>\n<figure class=\"tmblr-embed tmblr-full\" data-provider=\"youtube\" data-orig-width=\"540\" data-orig-height=\"304\" data-url=\"https%3A%2F%2Fwww.youtube.com%2Fwatch%3Fv%3DHTtW4NL6Y9A\"><\/figure>","protected":false},"excerpt":{"rendered":"<p>La Noche de los Candiles 2017 Alm\u00f3cita (Almer\u00eda) Alpujarra Almeriense, a 40 kilometros de Almer\u00eda Capital Bandas : E.A.R. Efr\u00e9n L\u00f3pez Electric Trio\u00a0\u00a0(Folk, avantgarde, world music)Urze de Lume ( Folk )Ne\u00f8nymus (Folk, avantgarde, world music)The Wyrm (Dark Folk) Ritual en las ErasKeltika Hispanna\u00a0(Dark Folk) Organiza: Alm\u00f3cita Ayuntamiento \/ Guadalinfo Alm\u00f3citaPatrocina la Conserjer\u00eda de turismo y comercio, Gobierno de Andaluc\u00eda.Organiza: GH Records Desde hace ya algunos a\u00f1os, Alm\u00f3cita presenta inquietudes muy marcadas en relaci\u00f3n con el Desarrollo Sostenible y la importancia que implica un elevado grado de concienciaci\u00f3n que se traduzca en la voluntad de cambio necesaria para lograr una sociedad m\u00e1s respetuosa con el medio ambiente. Esas marcadas connotaciones ecol\u00f3gicas desembocaron en el a\u00f1o 2011 en la g\u00e9nesis de LA NOCHE DE LOS CANDILES. En su evoluci\u00f3n como evento sometido a mejora continua, se lleg\u00f3 a la conclusi\u00f3n de que no bastaba con efectuar un apag\u00f3n en la red de iluminaci\u00f3n el\u00e9ctrica y encender los candiles para lograr un alto nivel de concienciaci\u00f3n &#8211; participaci\u00f3n, hab\u00eda que ahondar un poco m\u00e1s y deb\u00eda hacerse desde la perspectiva de recuperar aquella parte de espiritualidad e identificaci\u00f3n con la naturaleza arrebatada a los seres humanos bajo el amparo del vertiginoso ritmo de cambio presente en las sociedades post industriales. Dicho con otras palabras, tenemos la firme creencia que de poco o nada vale decir que se quiere ser responsable con el medio que nos rodea sin sentirlo realmente. La m\u00fasica amplifica las emociones y es por medio de la m\u00fasica &#8211; ligada a una puesta en escena que se envuelve en un halo de magia y misterio- como pretendemos, en la medida de lo posible, rememorar nuestra verdadera idiosincrasia natural y espiritual. Confeccionar un genuino ant\u00eddoto que recupere nuestra emotividad despertando el lado m\u00e1s humano, parte menoscabada del propio ser consecuencia inevitable del turbulento y alienado tiempo que nos ha tocado vivir. De ah\u00ed la importancia otorgada en el evento a temas de expresi\u00f3n art\u00edstica como son el encuentro de fotograf\u00eda, las representaciones con fuego, la interpretaci\u00f3n o la m\u00fasica antigua y tradicional. Todo lo que acontezca durante esa noche debe establecer un paralelismo profundo con qui\u00e9nes somos de verdad y por qu\u00e9 estamos aqu\u00ed. Recuperar aunque s\u00f3lo sea por unas horas, un sentido rom\u00e1ntico y un recuerdo de que lejos de ser la m\u00e1xima expresi\u00f3n de la naturaleza, seguimos siendo una parte intr\u00ednseca de ella misma. E.A.R. Efr\u00e9n L\u00f3pez Electric Trio Efr\u00e9n L\u00f3pez: zanfona el\u00e9ctrica, efectos, loop station, sintetizadores y guitarra el\u00e9ctrica fretlessAdrian Perales: bater\u00edaRa\u00fcl Bonell: Warr guitar Versi\u00f3n el\u00e9ctrica del universo musical modal, con un repertorio compuesto de piezas balc\u00e1nicas y del Mediterr\u00e1neo adaptadas para zanfona y guitarra fretless el\u00e9ctricas, con el acompa\u00f1amiento del virtuoso bater\u00eda Adri\u00e1n Perales y el pionero de la Warr guitar en el estado, Ra\u00fcl Bonell. Urze de Lume Urze de Lume nos transportaran con su m\u00fasica a tiempos pret\u00e9ritos en la La Noche de Los Candiles 2017 Urze de Lume es un homenaje al pasado. Fuertemente inspirado en la tradici\u00f3n ib\u00e9rica, buscando a trav\u00e9s de la m\u00fasica que celebra las ra\u00edces que unen a la gente a su tierra y se identifican. Su repertorio transmite el alma sobreviviente de una \u00e9poca en que el hombre y la naturaleza caminaron de la mano con el respeto a la tierra, lo oculto y su origen. Ne\u00f8nymus\u00a0 Ne\u00f8nymus crea en directo una muy personal mezcla de voces, sonidos y peque\u00f1os instrumentos (huesos, tubos, objetos prehist\u00f3ricos\u2026), utilizando armon\u00edas vocales de m\u00fasica antigua y contempor\u00e1nea junto con una atrevida combinaci\u00f3n de tecnolog\u00eda. Distintas l\u00edneas vocales creadas en directo, se tejen y entrelazan, a veces levantando acordes y otras peque\u00f1as frases en contrapunto.Su espect\u00e1culo traslada al oyente a lugares imaginarios que recrean paisajes sonoros de la antig\u00fcedad (el concierto comienza evocando el Paleol\u00edtico), a veces con una enorme carga emocional y un notable sentido de trascendencia. Un viaje exploratorio por la intimidad cultural y espiritual del ser humano, especialmente en el \u00e1mbito geogr\u00e1fico europeo: neandertales, sapiens, edad del hierro, visigodos, edad media\u2026 The Wyrm The Wyrm es un concepto art\u00edstico de m\u00faltiples facetas. Tantas como cabezas pueda tener una Hydra.Dentro del desarrollo de la faceta musical, hay distintas vertientes.Paganismo, Raza, Identidad, Antiguos Dioses, Europa, leyendas olvidadas\u2026 aunque parezcan distintas expresiones de ideas, detras de estos conceptos subyace una unica idea en las que se albergan estas diferentes caras de un mismo poliedro como es lo primordial, lo num\u00ednico.Siendo lo num\u00ednico primordial aquello que es el centro mismo de nosotros mismos, hunde sus ra\u00edces tan dentro de nosotros que si las seguimos tierra abajo, nos encontraremos con un mundo tel\u00farico donde reina el drag\u00f3n que es The Wyrm. Keltika Hispanna Keltika Hispanna\u00a0es una banda de Dark Folk nacida en las monta\u00f1as de la Sierra de Guadarrama (Madrid\/ESPA\u00d1A).\u00a0Dentro de sus composiciones se mezclan viejas armon\u00edas y ritmos recuperados de la m\u00fasica popular de las zonas rurales, con melod\u00edas y letras inspiradas en la naturaleza, la historia antigua y las creencias m\u00e1gico-religiosas de los pueblos ib\u00e9ricos. Centr\u00e1ndose en el uso de instrumentos tradicionales, cantando sus letras en el lenguaje castellano y algunas de sus canciones en el antiguo lenguaje r\u00fanico de sus ancestros Celt\u00edbero<\/p>\n","protected":false},"author":1,"featured_media":8936,"comment_status":"closed","ping_status":"closed","sticky":false,"template":"","format":"gallery","meta":{"footnotes":""},"categories":[912],"tags":[204],"class_list":["post-1882","post","type-post","status-publish","format-gallery","has-post-thumbnail","hentry","category-la-noche-de-los-candiles","tag-la-noche-de-los-candiles","post_format-post-format-gallery"],"_links":{"self":[{"href":"https:\/\/gradualhate.info\/index.php?rest_route=\/wp\/v2\/posts\/1882","targetHints":{"allow":["GET"]}}],"collection":[{"href":"https:\/\/gradualhate.info\/index.php?rest_route=\/wp\/v2\/posts"}],"about":[{"href":"https:\/\/gradualhate.info\/index.php?rest_route=\/wp\/v2\/types\/post"}],"author":[{"embeddable":true,"href":"https:\/\/gradualhate.info\/index.php?rest_route=\/wp\/v2\/users\/1"}],"replies":[{"embeddable":true,"href":"https:\/\/gradualhate.info\/index.php?rest_route=%2Fwp%2Fv2%2Fcomments&post=1882"}],"version-history":[{"count":15,"href":"https:\/\/gradualhate.info\/index.php?rest_route=\/wp\/v2\/posts\/1882\/revisions"}],"predecessor-version":[{"id":13445,"href":"https:\/\/gradualhate.info\/index.php?rest_route=\/wp\/v2\/posts\/1882\/revisions\/13445"}],"wp:featuredmedia":[{"embeddable":true,"href":"https:\/\/gradualhate.info\/index.php?rest_route=\/wp\/v2\/media\/8936"}],"wp:attachment":[{"href":"https:\/\/gradualhate.info\/index.php?rest_route=%2Fwp%2Fv2%2Fmedia&parent=1882"}],"wp:term":[{"taxonomy":"category","embeddable":true,"href":"https:\/\/gradualhate.info\/index.php?rest_route=%2Fwp%2Fv2%2Fcategories&post=1882"},{"taxonomy":"post_tag","embeddable":true,"href":"https:\/\/gradualhate.info\/index.php?rest_route=%2Fwp%2Fv2%2Ftags&post=1882"}],"curies":[{"name":"wp","href":"https:\/\/api.w.org\/{rel}","templated":true}]}}